{"id":8845,"date":"2025-10-06T10:34:29","date_gmt":"2025-10-06T08:34:29","guid":{"rendered":"https:\/\/tokialai.eus\/?p=8845"},"modified":"2025-10-06T10:34:52","modified_gmt":"2025-10-06T08:34:52","slug":"dya_2025","status":"publish","type":"post","link":"https:\/\/tokialai.eus\/es\/dya_2025\/","title":{"rendered":"CONOCIENDO LA LABOR DE DYA"},"content":{"rendered":"<p>[et_pb_section fb_built=\u00bb1&#8243; _builder_version=\u00bb4.17.4&#8243; _module_preset=\u00bbdefault\u00bb global_colors_info=\u00bb{}\u00bb][et_pb_row column_structure=\u00bb1_2,1_2&#8243; _builder_version=\u00bb4.27.4&#8243; _module_preset=\u00bbdefault\u00bb global_colors_info=\u00bb{}\u00bb][et_pb_column type=\u00bb1_2&#8243; _builder_version=\u00bb4.27.4&#8243; _module_preset=\u00bbdefault\u00bb global_colors_info=\u00bb{}\u00bb][et_pb_text _builder_version=\u00bb4.27.4&#8243; _module_preset=\u00bbdefault\u00bb hover_enabled=\u00bb0&#8243; global_colors_info=\u00bb{}\u00bb sticky_enabled=\u00bb0&#8243;]<\/p>\n<p>Las\/los alumn@s de 1\u00ba de ESO han tenido la oportunidad de conocer la labor que desempe\u00f1a la asociaci\u00f3n DYA, dentro de las asignaturas de Proyecto Comunitario y Religi\u00f3n.<\/p>\n<p>De la mano de voluntari@s de la DYA, en un taller organizado en el centro han podido ver c\u00f3mo act\u00faan en situaciones de emergencia. Tambi\u00e9n han apreciado la importancia del voluntariado.<\/p>\n<p>[\/et_pb_text][\/et_pb_column][et_pb_column type=\u00bb1_2&#8243; _builder_version=\u00bb4.27.4&#8243; _module_preset=\u00bbdefault\u00bb global_colors_info=\u00bb{}\u00bb][et_pb_gallery _builder_version=\u00bb4.27.4&#8243; _module_preset=\u00bbdefault\u00bb gallery_ids=\u00bb8850,8844,8847,8852&#8243; fullwidth=\u00bbon\u00bb hover_enabled=\u00bb0&#8243; sticky_enabled=\u00bb0&#8243;][\/et_pb_gallery][\/et_pb_column][\/et_pb_row][\/et_pb_section]<\/p>\n","protected":false},"excerpt":{"rendered":"<p>Las\/los alumn@s de 1\u00ba de ESO han tenido la oportunidad de conocer la labor que desempe\u00f1a la asociaci\u00f3n DYA, dentro de las asignaturas de Proyecto Comunitario y Religi\u00f3n. De la mano de voluntari@s de la DYA, en un taller organizado en el centro han podido ver c\u00f3mo act\u00faan en situaciones de emergencia. Tambi\u00e9n han apreciado<a class=\"moretag\" href=\"https:\/\/tokialai.eus\/es\/dya_2025\/\">Irakurri gehiago<\/a><\/p>\n","protected":false},"author":2,"featured_media":8841,"comment_status":"closed","ping_status":"closed","sticky":false,"template":"","format":"standard","meta":{"_et_pb_use_builder":"on","_et_pb_old_content":"","_et_gb_content_width":"","footnotes":""},"categories":[40],"tags":[],"wf_post_folders":[25],"class_list":["post-8845","post","type-post","status-publish","format-standard","has-post-thumbnail","hentry","category-eso-noticias","et-has-post-format-content","et_post_format-et-post-format-standard"],"_links":{"self":[{"href":"https:\/\/tokialai.eus\/es\/wp-json\/wp\/v2\/posts\/8845","targetHints":{"allow":["GET"]}}],"collection":[{"href":"https:\/\/tokialai.eus\/es\/wp-json\/wp\/v2\/posts"}],"about":[{"href":"https:\/\/tokialai.eus\/es\/wp-json\/wp\/v2\/types\/post"}],"author":[{"embeddable":true,"href":"https:\/\/tokialai.eus\/es\/wp-json\/wp\/v2\/users\/2"}],"replies":[{"embeddable":true,"href":"https:\/\/tokialai.eus\/es\/wp-json\/wp\/v2\/comments?post=8845"}],"version-history":[{"count":4,"href":"https:\/\/tokialai.eus\/es\/wp-json\/wp\/v2\/posts\/8845\/revisions"}],"predecessor-version":[{"id":8864,"href":"https:\/\/tokialai.eus\/es\/wp-json\/wp\/v2\/posts\/8845\/revisions\/8864"}],"wp:featuredmedia":[{"embeddable":true,"href":"https:\/\/tokialai.eus\/es\/wp-json\/wp\/v2\/media\/8841"}],"wp:attachment":[{"href":"https:\/\/tokialai.eus\/es\/wp-json\/wp\/v2\/media?parent=8845"}],"wp:term":[{"taxonomy":"category","embeddable":true,"href":"https:\/\/tokialai.eus\/es\/wp-json\/wp\/v2\/categories?post=8845"},{"taxonomy":"post_tag","embeddable":true,"href":"https:\/\/tokialai.eus\/es\/wp-json\/wp\/v2\/tags?post=8845"},{"taxonomy":"wf_post_folders","embeddable":true,"href":"https:\/\/tokialai.eus\/es\/wp-json\/wp\/v2\/wf_post_folders?post=8845"}],"curies":[{"name":"wp","href":"https:\/\/api.w.org\/{rel}","templated":true}]}}