{"id":8216,"date":"2025-01-16T22:28:29","date_gmt":"2025-01-16T21:28:29","guid":{"rendered":"https:\/\/tokialai.eus\/?p=8216"},"modified":"2025-01-16T22:28:35","modified_gmt":"2025-01-16T21:28:35","slug":"programa-de-radio-bosque-escuela","status":"publish","type":"post","link":"https:\/\/tokialai.eus\/es\/programa-de-radio-bosque-escuela\/","title":{"rendered":"Programa de radio bosque escuela"},"content":{"rendered":"<p>[et_pb_section fb_built=\u00bb1&#8243; _builder_version=\u00bb4.27.4&#8243; _module_preset=\u00bbdefault\u00bb global_colors_info=\u00bb{}\u00bb][et_pb_row column_structure=\u00bb1_2,1_2&#8243; _builder_version=\u00bb4.27.4&#8243; _module_preset=\u00bbdefault\u00bb global_colors_info=\u00bb{}\u00bb][et_pb_column type=\u00bb1_2&#8243; _builder_version=\u00bb4.27.4&#8243; _module_preset=\u00bbdefault\u00bb global_colors_info=\u00bb{}\u00bb][et_pb_image _builder_version=\u00bb4.27.4&#8243; _module_preset=\u00bbdefault\u00bb title_text=\u00bbIMG-20250115-WA0008&#8243; src=\u00bbhttps:\/\/tokialai.eus\/wp-content\/uploads\/2025\/01\/IMG-20250115-WA0008-1.jpg\u00bb hover_enabled=\u00bb0&#8243; sticky_enabled=\u00bb0&#8243;][\/et_pb_image][\/et_pb_column][et_pb_column type=\u00bb1_2&#8243; _builder_version=\u00bb4.27.4&#8243; _module_preset=\u00bbdefault\u00bb global_colors_info=\u00bb{}\u00bb][et_pb_text _builder_version=\u00bb4.27.4&#8243; _module_preset=\u00bbdefault\u00bb hover_enabled=\u00bb0&#8243; global_colors_info=\u00bb{}\u00bb sticky_enabled=\u00bb0&#8243;]<\/p>\n<h5>Ayer Radio Irun estuvo con nosotros para entrevistarnos sobre el proyecto basoeskola.<\/h5>\n<div class=\"row\">\n<div class=\"col-md-12 col-xs-12\">La jornada de ayer fue especial. Como todos los mi\u00e9rcoles, fuimos al bosque por la ma\u00f1ana con los alumnos y alumnas de 5 a\u00f1os. Pero ayer, adem\u00e1s, nos acompa\u00f1aron Pablo de Le\u00f3n y Mikel Abascal del programa <em>Hoy por Hoy<\/em> de Radio Ir\u00fan. La entrevista se emiti\u00f3 al mediod\u00eda y la podr\u00e9is escuchar en el enlace de abajo.<\/div>\n<div class=\"col-md-12 col-xs-12\">Aunque en el programa hablan Nahia, Maialen, Vero y June, este proyecto no podr\u00eda salir adelante sin los profesores y educadores que cada mi\u00e9rcoles hacen el acompa\u00f1amiento y el cuidado del alumando que acude al bosque. Gracias a Ainara, Julene, Maddi, Mikel, Nagore, Nerea, Sergio y Soraya por hacer del proyecto basoeskola una realidad.<\/div>\n<\/div>\n<p>[\/et_pb_text][et_pb_audio audio=\u00bbhttps:\/\/tokialai.eus\/wp-content\/uploads\/2025\/01\/Toki-Alai-basoko-irratsaioa.mp3&#8243; title=\u00bbBasoko irratsaioa\u00bb _builder_version=\u00bb4.27.4&#8243; _module_preset=\u00bbdefault\u00bb global_colors_info=\u00bb{}\u00bb][\/et_pb_audio][\/et_pb_column][\/et_pb_row][\/et_pb_section]<\/p>\n","protected":false},"excerpt":{"rendered":"<p>Ayer Radio Irun estuvo con nosotros para entrevistarnos sobre el proyecto basoeskola. La jornada de ayer fue especial. Como todos los mi\u00e9rcoles, fuimos al bosque por la ma\u00f1ana con los alumnos y alumnas de 5 a\u00f1os. Pero ayer, adem\u00e1s, nos acompa\u00f1aron Pablo de Le\u00f3n y Mikel Abascal del programa Hoy por Hoy de Radio Ir\u00fan.<a class=\"moretag\" href=\"https:\/\/tokialai.eus\/es\/programa-de-radio-bosque-escuela\/\">Irakurri gehiago<\/a><\/p>\n","protected":false},"author":4,"featured_media":8220,"comment_status":"closed","ping_status":"closed","sticky":false,"template":"","format":"standard","meta":{"_et_pb_use_builder":"on","_et_pb_old_content":"","_et_gb_content_width":"","footnotes":""},"categories":[41,42],"tags":[],"wf_post_folders":[21,22,23,24],"class_list":["post-8216","post","type-post","status-publish","format-standard","has-post-thumbnail","hentry","category-ei-noticias","category-ep-noticias","et-has-post-format-content","et_post_format-et-post-format-standard"],"_links":{"self":[{"href":"https:\/\/tokialai.eus\/es\/wp-json\/wp\/v2\/posts\/8216","targetHints":{"allow":["GET"]}}],"collection":[{"href":"https:\/\/tokialai.eus\/es\/wp-json\/wp\/v2\/posts"}],"about":[{"href":"https:\/\/tokialai.eus\/es\/wp-json\/wp\/v2\/types\/post"}],"author":[{"embeddable":true,"href":"https:\/\/tokialai.eus\/es\/wp-json\/wp\/v2\/users\/4"}],"replies":[{"embeddable":true,"href":"https:\/\/tokialai.eus\/es\/wp-json\/wp\/v2\/comments?post=8216"}],"version-history":[{"count":7,"href":"https:\/\/tokialai.eus\/es\/wp-json\/wp\/v2\/posts\/8216\/revisions"}],"predecessor-version":[{"id":8244,"href":"https:\/\/tokialai.eus\/es\/wp-json\/wp\/v2\/posts\/8216\/revisions\/8244"}],"wp:featuredmedia":[{"embeddable":true,"href":"https:\/\/tokialai.eus\/es\/wp-json\/wp\/v2\/media\/8220"}],"wp:attachment":[{"href":"https:\/\/tokialai.eus\/es\/wp-json\/wp\/v2\/media?parent=8216"}],"wp:term":[{"taxonomy":"category","embeddable":true,"href":"https:\/\/tokialai.eus\/es\/wp-json\/wp\/v2\/categories?post=8216"},{"taxonomy":"post_tag","embeddable":true,"href":"https:\/\/tokialai.eus\/es\/wp-json\/wp\/v2\/tags?post=8216"},{"taxonomy":"wf_post_folders","embeddable":true,"href":"https:\/\/tokialai.eus\/es\/wp-json\/wp\/v2\/wf_post_folders?post=8216"}],"curies":[{"name":"wp","href":"https:\/\/api.w.org\/{rel}","templated":true}]}}