{"id":7315,"date":"2024-04-17T09:51:51","date_gmt":"2024-04-17T07:51:51","guid":{"rendered":"https:\/\/tokialai.eus\/?p=7315"},"modified":"2024-04-17T09:51:54","modified_gmt":"2024-04-17T07:51:54","slug":"visita-don-bosco","status":"publish","type":"post","link":"https:\/\/tokialai.eus\/es\/visita-don-bosco\/","title":{"rendered":"VISITA A LA ESCUELA PROFESIONAL DON BOSCO"},"content":{"rendered":"<p>[et_pb_section fb_built=\u00bb1&#8243; _builder_version=\u00bb4.17.4&#8243; _module_preset=\u00bbdefault\u00bb global_colors_info=\u00bb{}\u00bb][et_pb_row column_structure=\u00bb1_2,1_2&#8243; _builder_version=\u00bb4.17.4&#8243; _module_preset=\u00bbdefault\u00bb global_colors_info=\u00bb{}\u00bb][et_pb_column type=\u00bb1_2&#8243; _builder_version=\u00bb4.17.4&#8243; _module_preset=\u00bbdefault\u00bb global_colors_info=\u00bb{}\u00bb][et_pb_text _builder_version=\u00bb4.24.2&#8243; _module_preset=\u00bbdefault\u00bb hover_enabled=\u00bb0&#8243; global_colors_info=\u00bb{}\u00bb sticky_enabled=\u00bb0&#8243;]<\/p>\n<p>El alumnado de 4\u00ba de ESO est\u00e1 abordando la orientaci\u00f3n acad\u00e9mica y profesional, porque pronto les llegar\u00e1 el momento de tomar decisiones sobre su futuro.<\/p>\n<p>Por ello, algunas\/os alumnas\/os estuvieron en el centro de formaci\u00f3n profesional Don Bosco, conociendo sus instalaciones y recibiendo informaci\u00f3n sobre los ciclos de Grado Medio.<\/p>\n<p>La visita fue muy interesante.<\/p>\n<p>[\/et_pb_text][\/et_pb_column][et_pb_column type=\u00bb1_2&#8243; _builder_version=\u00bb4.17.4&#8243; _module_preset=\u00bbdefault\u00bb global_colors_info=\u00bb{}\u00bb][et_pb_gallery gallery_ids=\u00bb7312&#8243; fullwidth=\u00bbon\u00bb _builder_version=\u00bb4.24.2&#8243; _module_preset=\u00bbdefault\u00bb auto=\u00bbon\u00bb auto_speed=\u00bb5000&#8243; global_colors_info=\u00bb{}\u00bb][\/et_pb_gallery][\/et_pb_column][\/et_pb_row][\/et_pb_section]<\/p>\n","protected":false},"excerpt":{"rendered":"<p>El alumnado de 4\u00ba de ESO est\u00e1 abordando la orientaci\u00f3n acad\u00e9mica y profesional, porque pronto les llegar\u00e1 el momento de tomar decisiones sobre su futuro. Por ello, algunas\/os alumnas\/os estuvieron en el centro de formaci\u00f3n profesional Don Bosco, conociendo sus instalaciones y recibiendo informaci\u00f3n sobre los ciclos de Grado Medio. La visita fue muy interesante.<\/p>\n","protected":false},"author":2,"featured_media":7313,"comment_status":"closed","ping_status":"closed","sticky":false,"template":"","format":"standard","meta":{"_et_pb_use_builder":"on","_et_pb_old_content":"","_et_gb_content_width":"","footnotes":""},"categories":[40],"tags":[],"wf_post_folders":[25],"class_list":["post-7315","post","type-post","status-publish","format-standard","has-post-thumbnail","hentry","category-eso-noticias","et-has-post-format-content","et_post_format-et-post-format-standard"],"_links":{"self":[{"href":"https:\/\/tokialai.eus\/es\/wp-json\/wp\/v2\/posts\/7315","targetHints":{"allow":["GET"]}}],"collection":[{"href":"https:\/\/tokialai.eus\/es\/wp-json\/wp\/v2\/posts"}],"about":[{"href":"https:\/\/tokialai.eus\/es\/wp-json\/wp\/v2\/types\/post"}],"author":[{"embeddable":true,"href":"https:\/\/tokialai.eus\/es\/wp-json\/wp\/v2\/users\/2"}],"replies":[{"embeddable":true,"href":"https:\/\/tokialai.eus\/es\/wp-json\/wp\/v2\/comments?post=7315"}],"version-history":[{"count":6,"href":"https:\/\/tokialai.eus\/es\/wp-json\/wp\/v2\/posts\/7315\/revisions"}],"predecessor-version":[{"id":7326,"href":"https:\/\/tokialai.eus\/es\/wp-json\/wp\/v2\/posts\/7315\/revisions\/7326"}],"wp:featuredmedia":[{"embeddable":true,"href":"https:\/\/tokialai.eus\/es\/wp-json\/wp\/v2\/media\/7313"}],"wp:attachment":[{"href":"https:\/\/tokialai.eus\/es\/wp-json\/wp\/v2\/media?parent=7315"}],"wp:term":[{"taxonomy":"category","embeddable":true,"href":"https:\/\/tokialai.eus\/es\/wp-json\/wp\/v2\/categories?post=7315"},{"taxonomy":"post_tag","embeddable":true,"href":"https:\/\/tokialai.eus\/es\/wp-json\/wp\/v2\/tags?post=7315"},{"taxonomy":"wf_post_folders","embeddable":true,"href":"https:\/\/tokialai.eus\/es\/wp-json\/wp\/v2\/wf_post_folders?post=7315"}],"curies":[{"name":"wp","href":"https:\/\/api.w.org\/{rel}","templated":true}]}}