{"id":7185,"date":"2024-03-20T08:56:44","date_gmt":"2024-03-20T07:56:44","guid":{"rendered":"https:\/\/tokialai.eus\/?p=7185"},"modified":"2024-03-20T08:56:48","modified_gmt":"2024-03-20T07:56:48","slug":"visita-erasmus-programa-de-inclusion-stessie","status":"publish","type":"post","link":"https:\/\/tokialai.eus\/es\/visita-erasmus-programa-de-inclusion-stessie\/","title":{"rendered":"VISITA ERASMUS + PROGRAMA DE INCLUSI\u00d3N \u00abSTESSIE\u00bb"},"content":{"rendered":"<p>[et_pb_section fb_built=\u00bb1&#8243; _builder_version=\u00bb4.17.4&#8243; _module_preset=\u00bbdefault\u00bb global_colors_info=\u00bb{}\u00bb][et_pb_row column_structure=\u00bb1_2,1_2&#8243; _builder_version=\u00bb4.17.4&#8243; _module_preset=\u00bbdefault\u00bb global_colors_info=\u00bb{}\u00bb][et_pb_column type=\u00bb1_2&#8243; _builder_version=\u00bb4.17.4&#8243; _module_preset=\u00bbdefault\u00bb global_colors_info=\u00bb{}\u00bb][et_pb_text _builder_version=\u00bb4.24.2&#8243; _module_preset=\u00bbdefault\u00bb hover_enabled=\u00bb0&#8243; global_colors_info=\u00bb{}\u00bb sticky_enabled=\u00bb0&#8243;]<\/p>\n<p>La semana pasada recibimos la visita de representantes de varios pa\u00edses europeos.<\/p>\n<p>Pudieron ver de primera mano c\u00f3mo trabajamos la diversidad y la inclusi\u00f3n en Toki Alai.<\/p>\n<p>Un grupo de DBH1 les dio la bienvenida con una canci\u00f3n del grupo Kalakan. Posteriormente recibieron informaci\u00f3n sobre el centro, visitaron el edificio y vieron una sesi\u00f3n de DBH1 en el propio aula.<\/p>\n<p>[\/et_pb_text][\/et_pb_column][et_pb_column type=\u00bb1_2&#8243; _builder_version=\u00bb4.17.4&#8243; _module_preset=\u00bbdefault\u00bb global_colors_info=\u00bb{}\u00bb][et_pb_gallery gallery_ids=\u00bb7189,7191&#8243; fullwidth=\u00bbon\u00bb _builder_version=\u00bb4.24.2&#8243; _module_preset=\u00bbdefault\u00bb auto=\u00bbon\u00bb auto_speed=\u00bb5000&#8243; hover_enabled=\u00bb0&#8243; global_colors_info=\u00bb{}\u00bb sticky_enabled=\u00bb0&#8243;][\/et_pb_gallery][\/et_pb_column][\/et_pb_row][\/et_pb_section]<\/p>\n","protected":false},"excerpt":{"rendered":"<p>La semana pasada recibimos la visita de representantes de varios pa\u00edses europeos. Pudieron ver de primera mano c\u00f3mo trabajamos la diversidad y la inclusi\u00f3n en Toki Alai. Un grupo de DBH1 les dio la bienvenida con una canci\u00f3n del grupo Kalakan. Posteriormente recibieron informaci\u00f3n sobre el centro, visitaron el edificio y vieron una sesi\u00f3n de<a class=\"moretag\" href=\"https:\/\/tokialai.eus\/es\/visita-erasmus-programa-de-inclusion-stessie\/\">Irakurri gehiago<\/a><\/p>\n","protected":false},"author":2,"featured_media":7194,"comment_status":"closed","ping_status":"closed","sticky":false,"template":"","format":"standard","meta":{"_et_pb_use_builder":"on","_et_pb_old_content":"","_et_gb_content_width":"","footnotes":""},"categories":[40],"tags":[],"wf_post_folders":[25],"class_list":["post-7185","post","type-post","status-publish","format-standard","has-post-thumbnail","hentry","category-eso-noticias","et-has-post-format-content","et_post_format-et-post-format-standard"],"_links":{"self":[{"href":"https:\/\/tokialai.eus\/es\/wp-json\/wp\/v2\/posts\/7185","targetHints":{"allow":["GET"]}}],"collection":[{"href":"https:\/\/tokialai.eus\/es\/wp-json\/wp\/v2\/posts"}],"about":[{"href":"https:\/\/tokialai.eus\/es\/wp-json\/wp\/v2\/types\/post"}],"author":[{"embeddable":true,"href":"https:\/\/tokialai.eus\/es\/wp-json\/wp\/v2\/users\/2"}],"replies":[{"embeddable":true,"href":"https:\/\/tokialai.eus\/es\/wp-json\/wp\/v2\/comments?post=7185"}],"version-history":[{"count":7,"href":"https:\/\/tokialai.eus\/es\/wp-json\/wp\/v2\/posts\/7185\/revisions"}],"predecessor-version":[{"id":7205,"href":"https:\/\/tokialai.eus\/es\/wp-json\/wp\/v2\/posts\/7185\/revisions\/7205"}],"wp:featuredmedia":[{"embeddable":true,"href":"https:\/\/tokialai.eus\/es\/wp-json\/wp\/v2\/media\/7194"}],"wp:attachment":[{"href":"https:\/\/tokialai.eus\/es\/wp-json\/wp\/v2\/media?parent=7185"}],"wp:term":[{"taxonomy":"category","embeddable":true,"href":"https:\/\/tokialai.eus\/es\/wp-json\/wp\/v2\/categories?post=7185"},{"taxonomy":"post_tag","embeddable":true,"href":"https:\/\/tokialai.eus\/es\/wp-json\/wp\/v2\/tags?post=7185"},{"taxonomy":"wf_post_folders","embeddable":true,"href":"https:\/\/tokialai.eus\/es\/wp-json\/wp\/v2\/wf_post_folders?post=7185"}],"curies":[{"name":"wp","href":"https:\/\/api.w.org\/{rel}","templated":true}]}}