{"id":7004,"date":"2024-02-08T12:51:39","date_gmt":"2024-02-08T11:51:39","guid":{"rendered":"https:\/\/tokialai.eus\/?p=7004"},"modified":"2024-02-08T12:52:28","modified_gmt":"2024-02-08T11:52:28","slug":"proyecto-comunitario-entre-generaciones","status":"publish","type":"post","link":"https:\/\/tokialai.eus\/es\/proyecto-comunitario-entre-generaciones\/","title":{"rendered":"PROYECTO COMUNITARIO ENTRE GENERACIONES"},"content":{"rendered":"<p>[et_pb_section fb_built=\u00bb1&#8243; _builder_version=\u00bb4.17.4&#8243; _module_preset=\u00bbdefault\u00bb global_colors_info=\u00bb{}\u00bb][et_pb_row column_structure=\u00bb1_2,1_2&#8243; _builder_version=\u00bb4.17.4&#8243; _module_preset=\u00bbdefault\u00bb global_colors_info=\u00bb{}\u00bb][et_pb_column type=\u00bb1_2&#8243; _builder_version=\u00bb4.17.4&#8243; _module_preset=\u00bbdefault\u00bb global_colors_info=\u00bb{}\u00bb][et_pb_text _builder_version=\u00bb4.24.0&#8243; _module_preset=\u00bbdefault\u00bb global_colors_info=\u00bb{}\u00bb]<\/p>\n<p>L@s alumn@s de 3\u00ba de la ESO han preparado tortas de San Blas con las\/los residentes de Inmakulada y Caser, dentro del Proyecto Comunitario.<br \/>Han disfrutado de la compa\u00f1\u00eda mutua y las opilas han salido riqu\u00edsimas.<br \/>\u00a1Buen trabajo!<\/p>\n<p>[\/et_pb_text][\/et_pb_column][et_pb_column type=\u00bb1_2&#8243; _builder_version=\u00bb4.17.4&#8243; _module_preset=\u00bbdefault\u00bb global_colors_info=\u00bb{}\u00bb][et_pb_gallery gallery_ids=\u00bb6980,6984,6986,6988,6990,6982&#8243; fullwidth=\u00bbon\u00bb _builder_version=\u00bb4.24.0&#8243; _module_preset=\u00bbdefault\u00bb auto=\u00bbon\u00bb auto_speed=\u00bb5000&#8243; global_colors_info=\u00bb{}\u00bb][\/et_pb_gallery][\/et_pb_column][\/et_pb_row][\/et_pb_section]<\/p>\n","protected":false},"excerpt":{"rendered":"<p>L@s alumn@s de 3\u00ba de la ESO han preparado tortas de San Blas con las\/los residentes de Inmakulada y Caser, dentro del Proyecto Comunitario.Han disfrutado de la compa\u00f1\u00eda mutua y las opilas han salido riqu\u00edsimas.\u00a1Buen trabajo!<\/p>\n","protected":false},"author":2,"featured_media":6981,"comment_status":"closed","ping_status":"closed","sticky":false,"template":"","format":"standard","meta":{"_et_pb_use_builder":"on","_et_pb_old_content":"","_et_gb_content_width":"","footnotes":""},"categories":[40],"tags":[],"wf_post_folders":[25],"class_list":["post-7004","post","type-post","status-publish","format-standard","has-post-thumbnail","hentry","category-eso-noticias","et-has-post-format-content","et_post_format-et-post-format-standard"],"_links":{"self":[{"href":"https:\/\/tokialai.eus\/es\/wp-json\/wp\/v2\/posts\/7004","targetHints":{"allow":["GET"]}}],"collection":[{"href":"https:\/\/tokialai.eus\/es\/wp-json\/wp\/v2\/posts"}],"about":[{"href":"https:\/\/tokialai.eus\/es\/wp-json\/wp\/v2\/types\/post"}],"author":[{"embeddable":true,"href":"https:\/\/tokialai.eus\/es\/wp-json\/wp\/v2\/users\/2"}],"replies":[{"embeddable":true,"href":"https:\/\/tokialai.eus\/es\/wp-json\/wp\/v2\/comments?post=7004"}],"version-history":[{"count":7,"href":"https:\/\/tokialai.eus\/es\/wp-json\/wp\/v2\/posts\/7004\/revisions"}],"predecessor-version":[{"id":7018,"href":"https:\/\/tokialai.eus\/es\/wp-json\/wp\/v2\/posts\/7004\/revisions\/7018"}],"wp:featuredmedia":[{"embeddable":true,"href":"https:\/\/tokialai.eus\/es\/wp-json\/wp\/v2\/media\/6981"}],"wp:attachment":[{"href":"https:\/\/tokialai.eus\/es\/wp-json\/wp\/v2\/media?parent=7004"}],"wp:term":[{"taxonomy":"category","embeddable":true,"href":"https:\/\/tokialai.eus\/es\/wp-json\/wp\/v2\/categories?post=7004"},{"taxonomy":"post_tag","embeddable":true,"href":"https:\/\/tokialai.eus\/es\/wp-json\/wp\/v2\/tags?post=7004"},{"taxonomy":"wf_post_folders","embeddable":true,"href":"https:\/\/tokialai.eus\/es\/wp-json\/wp\/v2\/wf_post_folders?post=7004"}],"curies":[{"name":"wp","href":"https:\/\/api.w.org\/{rel}","templated":true}]}}