{"id":6819,"date":"2024-01-30T10:40:53","date_gmt":"2024-01-30T09:40:53","guid":{"rendered":"https:\/\/tokialai.eus\/?p=6819"},"modified":"2024-01-30T10:42:45","modified_gmt":"2024-01-30T09:42:45","slug":"dia-escolar-de-la-no-violencia-y-la-paz","status":"publish","type":"post","link":"https:\/\/tokialai.eus\/es\/dia-escolar-de-la-no-violencia-y-la-paz\/","title":{"rendered":"D\u00cdA ESCOLAR DE LA NO VIOLENCIA Y LA PAZ"},"content":{"rendered":"<p>[et_pb_section fb_built=\u00bb1&#8243; _builder_version=\u00bb4.17.4&#8243; _module_preset=\u00bbdefault\u00bb global_colors_info=\u00bb{}\u00bb][et_pb_row column_structure=\u00bb1_2,1_2&#8243; _builder_version=\u00bb4.17.4&#8243; _module_preset=\u00bbdefault\u00bb global_colors_info=\u00bb{}\u00bb][et_pb_column type=\u00bb1_2&#8243; _builder_version=\u00bb4.17.4&#8243; _module_preset=\u00bbdefault\u00bb global_colors_info=\u00bb{}\u00bb][et_pb_text _builder_version=\u00bb4.23.4&#8243; _module_preset=\u00bbdefault\u00bb hover_enabled=\u00bb0&#8243; global_colors_info=\u00bb{}\u00bb sticky_enabled=\u00bb0&#8243;]<\/p>\n<p>Desde 1964, cada 30 de enero se celebra a nivel internacional el <strong>D\u00eda Escolar de la No Violencia y la Paz<\/strong>.<\/p>\n<p>Ese d\u00eda se celebra el aniversario de la muerte de Mahatma Gandhi (India, 1869-1948). Gandhi fue un l\u00edder espiritual y pol\u00edtico pacifista que defendi\u00f3 e impuls\u00f3 la no violencia y la resistencia pac\u00edfica frente a la injusticia. Fue el creador del movimiento por la independencia de la India. Sin violencia, fue pionero y te\u00f3rico de la desobediencia civil colectiva, movimiento que llev\u00f3 a la India a la independencia. Inspir\u00f3 muchos movimientos por la libertad y los derechos civiles en todo el mundo.<\/p>\n<p>Por ello, el 30 de enero se conmemora la cultura de no violencia y la paz en los centros educativos de todo el mundo. La educaci\u00f3n para la tolerancia y desde la tolerancia, la solidaridad, la amistad, el respeto a los derechos humanos, la no violencia y la paz son los motivos para recordar el 30 de enero. En el D\u00eda de la Paz, nuestros centros se comprometen a defender la paz y el entendimiento entre personas de diferentes or\u00edgenes y maneras de pensar.<\/p>\n<p>Como dec\u00eda Gandhi, \u201cNo hay camino para la paz, la paz es el camino\u201d.<\/p>\n<p>[\/et_pb_text][\/et_pb_column][et_pb_column type=\u00bb1_2&#8243; _builder_version=\u00bb4.17.4&#8243; _module_preset=\u00bbdefault\u00bb global_colors_info=\u00bb{}\u00bb][et_pb_gallery gallery_ids=\u00bb6815,6813&#8243; fullwidth=\u00bbon\u00bb _builder_version=\u00bb4.23.4&#8243; _module_preset=\u00bbdefault\u00bb auto=\u00bbon\u00bb auto_speed=\u00bb5000&#8243; global_colors_info=\u00bb{}\u00bb][\/et_pb_gallery][\/et_pb_column][\/et_pb_row][\/et_pb_section]<\/p>\n","protected":false},"excerpt":{"rendered":"<p>Desde 1964, cada 30 de enero se celebra a nivel internacional el D\u00eda Escolar de la No Violencia y la Paz. Ese d\u00eda se celebra el aniversario de la muerte de Mahatma Gandhi (India, 1869-1948). Gandhi fue un l\u00edder espiritual y pol\u00edtico pacifista que defendi\u00f3 e impuls\u00f3 la no violencia y la resistencia pac\u00edfica frente<a class=\"moretag\" href=\"https:\/\/tokialai.eus\/es\/dia-escolar-de-la-no-violencia-y-la-paz\/\">Irakurri gehiago<\/a><\/p>\n","protected":false},"author":2,"featured_media":6808,"comment_status":"closed","ping_status":"closed","sticky":false,"template":"","format":"standard","meta":{"_et_pb_use_builder":"on","_et_pb_old_content":"","_et_gb_content_width":"","footnotes":""},"categories":[40],"tags":[],"wf_post_folders":[25],"class_list":["post-6819","post","type-post","status-publish","format-standard","has-post-thumbnail","hentry","category-eso-noticias","et-has-post-format-content","et_post_format-et-post-format-standard"],"_links":{"self":[{"href":"https:\/\/tokialai.eus\/es\/wp-json\/wp\/v2\/posts\/6819","targetHints":{"allow":["GET"]}}],"collection":[{"href":"https:\/\/tokialai.eus\/es\/wp-json\/wp\/v2\/posts"}],"about":[{"href":"https:\/\/tokialai.eus\/es\/wp-json\/wp\/v2\/types\/post"}],"author":[{"embeddable":true,"href":"https:\/\/tokialai.eus\/es\/wp-json\/wp\/v2\/users\/2"}],"replies":[{"embeddable":true,"href":"https:\/\/tokialai.eus\/es\/wp-json\/wp\/v2\/comments?post=6819"}],"version-history":[{"count":7,"href":"https:\/\/tokialai.eus\/es\/wp-json\/wp\/v2\/posts\/6819\/revisions"}],"predecessor-version":[{"id":6842,"href":"https:\/\/tokialai.eus\/es\/wp-json\/wp\/v2\/posts\/6819\/revisions\/6842"}],"wp:featuredmedia":[{"embeddable":true,"href":"https:\/\/tokialai.eus\/es\/wp-json\/wp\/v2\/media\/6808"}],"wp:attachment":[{"href":"https:\/\/tokialai.eus\/es\/wp-json\/wp\/v2\/media?parent=6819"}],"wp:term":[{"taxonomy":"category","embeddable":true,"href":"https:\/\/tokialai.eus\/es\/wp-json\/wp\/v2\/categories?post=6819"},{"taxonomy":"post_tag","embeddable":true,"href":"https:\/\/tokialai.eus\/es\/wp-json\/wp\/v2\/tags?post=6819"},{"taxonomy":"wf_post_folders","embeddable":true,"href":"https:\/\/tokialai.eus\/es\/wp-json\/wp\/v2\/wf_post_folders?post=6819"}],"curies":[{"name":"wp","href":"https:\/\/api.w.org\/{rel}","templated":true}]}}