{"id":6788,"date":"2024-01-29T13:51:11","date_gmt":"2024-01-29T12:51:11","guid":{"rendered":"https:\/\/tokialai.eus\/?p=6788"},"modified":"2024-01-29T13:55:09","modified_gmt":"2024-01-29T12:55:09","slug":"conversando-con-jon-arretxe","status":"publish","type":"post","link":"https:\/\/tokialai.eus\/es\/conversando-con-jon-arretxe\/","title":{"rendered":"CONVERSANDO CON JON ARRETXE"},"content":{"rendered":"<p>[et_pb_section fb_built=\u00bb1&#8243; _builder_version=\u00bb4.17.4&#8243; _module_preset=\u00bbdefault\u00bb global_colors_info=\u00bb{}\u00bb][et_pb_row column_structure=\u00bb1_2,1_2&#8243; _builder_version=\u00bb4.17.4&#8243; _module_preset=\u00bbdefault\u00bb global_colors_info=\u00bb{}\u00bb][et_pb_column type=\u00bb1_2&#8243; _builder_version=\u00bb4.17.4&#8243; _module_preset=\u00bbdefault\u00bb global_colors_info=\u00bb{}\u00bb][et_pb_text _builder_version=\u00bb4.23.4&#8243; _module_preset=\u00bbdefault\u00bb hover_enabled=\u00bb0&#8243; global_colors_info=\u00bb{}\u00bb sticky_enabled=\u00bb0&#8243;]<\/p>\n<div>El pasado 25 de enero, el escritor <strong>Jon Arretxe<\/strong> estuvo en nuestro instituto con l@s alumn@s de 1\u00ba, en el marco del programa <em>Idazleak Ikastetxeetan<\/em> (escritores en las escuelas). Nos explic\u00f3 las claves de su libro <strong><i>Beti Iparralderantz<\/i><\/strong>.<\/div>\n<div>Adem\u00e1s, l@s alumn@s tuvieron la oportunidad de hacerle sus propias preguntas.<\/div>\n<div>Por \u00faltimo, l@s alumn@s aprovecharon la ocasi\u00f3n para pedirle que firmara sus libros.<\/div>\n<div>\u00a1Eskerrik asko Jon! Ha sido un placer.<\/div>\n<p>[\/et_pb_text][\/et_pb_column][et_pb_column type=\u00bb1_2&#8243; _builder_version=\u00bb4.17.4&#8243; _module_preset=\u00bbdefault\u00bb global_colors_info=\u00bb{}\u00bb][et_pb_gallery gallery_ids=\u00bb6783,6779,6781,6775,6777&#8243; fullwidth=\u00bbon\u00bb _builder_version=\u00bb4.23.4&#8243; _module_preset=\u00bbdefault\u00bb auto=\u00bbon\u00bb auto_speed=\u00bb5000&#8243; global_colors_info=\u00bb{}\u00bb][\/et_pb_gallery][\/et_pb_column][\/et_pb_row][\/et_pb_section]<\/p>\n","protected":false},"excerpt":{"rendered":"<p>El pasado 25 de enero, el escritor Jon Arretxe estuvo en nuestro instituto con l@s alumn@s de 1\u00ba, en el marco del programa Idazleak Ikastetxeetan (escritores en las escuelas). Nos explic\u00f3 las claves de su libro Beti Iparralderantz. Adem\u00e1s, l@s alumn@s tuvieron la oportunidad de hacerle sus propias preguntas. Por \u00faltimo, l@s alumn@s aprovecharon la<a class=\"moretag\" href=\"https:\/\/tokialai.eus\/es\/conversando-con-jon-arretxe\/\">Irakurri gehiago<\/a><\/p>\n","protected":false},"author":2,"featured_media":6786,"comment_status":"closed","ping_status":"closed","sticky":false,"template":"","format":"standard","meta":{"_et_pb_use_builder":"on","_et_pb_old_content":"","_et_gb_content_width":"","footnotes":""},"categories":[40],"tags":[],"wf_post_folders":[25],"class_list":["post-6788","post","type-post","status-publish","format-standard","has-post-thumbnail","hentry","category-eso-noticias","et-has-post-format-content","et_post_format-et-post-format-standard"],"_links":{"self":[{"href":"https:\/\/tokialai.eus\/es\/wp-json\/wp\/v2\/posts\/6788","targetHints":{"allow":["GET"]}}],"collection":[{"href":"https:\/\/tokialai.eus\/es\/wp-json\/wp\/v2\/posts"}],"about":[{"href":"https:\/\/tokialai.eus\/es\/wp-json\/wp\/v2\/types\/post"}],"author":[{"embeddable":true,"href":"https:\/\/tokialai.eus\/es\/wp-json\/wp\/v2\/users\/2"}],"replies":[{"embeddable":true,"href":"https:\/\/tokialai.eus\/es\/wp-json\/wp\/v2\/comments?post=6788"}],"version-history":[{"count":7,"href":"https:\/\/tokialai.eus\/es\/wp-json\/wp\/v2\/posts\/6788\/revisions"}],"predecessor-version":[{"id":6800,"href":"https:\/\/tokialai.eus\/es\/wp-json\/wp\/v2\/posts\/6788\/revisions\/6800"}],"wp:featuredmedia":[{"embeddable":true,"href":"https:\/\/tokialai.eus\/es\/wp-json\/wp\/v2\/media\/6786"}],"wp:attachment":[{"href":"https:\/\/tokialai.eus\/es\/wp-json\/wp\/v2\/media?parent=6788"}],"wp:term":[{"taxonomy":"category","embeddable":true,"href":"https:\/\/tokialai.eus\/es\/wp-json\/wp\/v2\/categories?post=6788"},{"taxonomy":"post_tag","embeddable":true,"href":"https:\/\/tokialai.eus\/es\/wp-json\/wp\/v2\/tags?post=6788"},{"taxonomy":"wf_post_folders","embeddable":true,"href":"https:\/\/tokialai.eus\/es\/wp-json\/wp\/v2\/wf_post_folders?post=6788"}],"curies":[{"name":"wp","href":"https:\/\/api.w.org\/{rel}","templated":true}]}}