{"id":6306,"date":"2023-11-25T17:27:21","date_gmt":"2023-11-25T16:27:21","guid":{"rendered":"https:\/\/tokialai.eus\/?p=6306"},"modified":"2023-11-25T17:52:56","modified_gmt":"2023-11-25T16:52:56","slug":"concentracion-del-25n","status":"publish","type":"post","link":"https:\/\/tokialai.eus\/es\/concentracion-del-25n\/","title":{"rendered":"CONCENTRACI\u00d3N DEL 25N"},"content":{"rendered":"<p>[et_pb_section fb_built=\u00bb1&#8243; _builder_version=\u00bb4.17.4&#8243; _module_preset=\u00bbdefault\u00bb global_colors_info=\u00bb{}\u00bb][et_pb_row column_structure=\u00bb1_2,1_2&#8243; _builder_version=\u00bb4.17.4&#8243; _module_preset=\u00bbdefault\u00bb global_colors_info=\u00bb{}\u00bb][et_pb_column type=\u00bb1_2&#8243; _builder_version=\u00bb4.17.4&#8243; _module_preset=\u00bbdefault\u00bb global_colors_info=\u00bb{}\u00bb][et_pb_text _builder_version=\u00bb4.23.1&#8243; _module_preset=\u00bbdefault\u00bb global_colors_info=\u00bb{}\u00bb]<\/p>\n<p>Este a\u00f1o, de nuevo, todos los centros educativos p\u00fablicos de Irun (Txingudi, Eguzkitza, Hirubide, Plaiaundi, P\u00edo Baroja y Toki Alai) nos reunimos el 24 de noviembre en la plaza Zabaltza para mostrar nuestra <span style=\"text-decoration: underline;\">unidad<\/span> y <span style=\"text-decoration: underline;\">rechazo total<\/span> a la <strong>violencia contra las mujeres<\/strong>, con motivo del <strong>25 de NOVIEMBRE<\/strong>.<\/p>\n<p>[\/et_pb_text][\/et_pb_column][et_pb_column type=\u00bb1_2&#8243; _builder_version=\u00bb4.17.4&#8243; _module_preset=\u00bbdefault\u00bb global_colors_info=\u00bb{}\u00bb][et_pb_gallery gallery_ids=\u00bb6288,6290&#8243; fullwidth=\u00bbon\u00bb _builder_version=\u00bb4.22.2&#8243; _module_preset=\u00bbdefault\u00bb auto=\u00bbon\u00bb auto_speed=\u00bb3000&#8243; global_colors_info=\u00bb{}\u00bb][\/et_pb_gallery][\/et_pb_column][\/et_pb_row][\/et_pb_section]<\/p>\n","protected":false},"excerpt":{"rendered":"<p>Este a\u00f1o, de nuevo, todos los centros educativos p\u00fablicos de Irun (Txingudi, Eguzkitza, Hirubide, Plaiaundi, P\u00edo Baroja y Toki Alai) nos reunimos el 24 de noviembre en la plaza Zabaltza para mostrar nuestra unidad y rechazo total a la violencia contra las mujeres, con motivo del 25 de NOVIEMBRE.<\/p>\n","protected":false},"author":2,"featured_media":6291,"comment_status":"closed","ping_status":"closed","sticky":false,"template":"","format":"standard","meta":{"_et_pb_use_builder":"on","_et_pb_old_content":"","_et_gb_content_width":"","footnotes":""},"categories":[40],"tags":[],"wf_post_folders":[25],"class_list":["post-6306","post","type-post","status-publish","format-standard","has-post-thumbnail","hentry","category-eso-noticias","et-has-post-format-content","et_post_format-et-post-format-standard"],"_links":{"self":[{"href":"https:\/\/tokialai.eus\/es\/wp-json\/wp\/v2\/posts\/6306","targetHints":{"allow":["GET"]}}],"collection":[{"href":"https:\/\/tokialai.eus\/es\/wp-json\/wp\/v2\/posts"}],"about":[{"href":"https:\/\/tokialai.eus\/es\/wp-json\/wp\/v2\/types\/post"}],"author":[{"embeddable":true,"href":"https:\/\/tokialai.eus\/es\/wp-json\/wp\/v2\/users\/2"}],"replies":[{"embeddable":true,"href":"https:\/\/tokialai.eus\/es\/wp-json\/wp\/v2\/comments?post=6306"}],"version-history":[{"count":10,"href":"https:\/\/tokialai.eus\/es\/wp-json\/wp\/v2\/posts\/6306\/revisions"}],"predecessor-version":[{"id":6371,"href":"https:\/\/tokialai.eus\/es\/wp-json\/wp\/v2\/posts\/6306\/revisions\/6371"}],"wp:featuredmedia":[{"embeddable":true,"href":"https:\/\/tokialai.eus\/es\/wp-json\/wp\/v2\/media\/6291"}],"wp:attachment":[{"href":"https:\/\/tokialai.eus\/es\/wp-json\/wp\/v2\/media?parent=6306"}],"wp:term":[{"taxonomy":"category","embeddable":true,"href":"https:\/\/tokialai.eus\/es\/wp-json\/wp\/v2\/categories?post=6306"},{"taxonomy":"post_tag","embeddable":true,"href":"https:\/\/tokialai.eus\/es\/wp-json\/wp\/v2\/tags?post=6306"},{"taxonomy":"wf_post_folders","embeddable":true,"href":"https:\/\/tokialai.eus\/es\/wp-json\/wp\/v2\/wf_post_folders?post=6306"}],"curies":[{"name":"wp","href":"https:\/\/api.w.org\/{rel}","templated":true}]}}