{"id":6177,"date":"2023-10-23T09:08:35","date_gmt":"2023-10-23T07:08:35","guid":{"rendered":"https:\/\/tokialai.eus\/?p=6177"},"modified":"2023-10-23T09:08:46","modified_gmt":"2023-10-23T07:08:46","slug":"prevencion-del-cancer-de-mama","status":"publish","type":"post","link":"https:\/\/tokialai.eus\/es\/prevencion-del-cancer-de-mama\/","title":{"rendered":"PREVENCI\u00d3N DEL C\u00c1NCER DE MAMA"},"content":{"rendered":"<p>[et_pb_section fb_built=\u00bb1&#8243; _builder_version=\u00bb4.17.4&#8243; _module_preset=\u00bbdefault\u00bb global_colors_info=\u00bb{}\u00bb][et_pb_row column_structure=\u00bb1_2,1_2&#8243; _builder_version=\u00bb4.17.4&#8243; _module_preset=\u00bbdefault\u00bb global_colors_info=\u00bb{}\u00bb][et_pb_column type=\u00bb1_2&#8243; _builder_version=\u00bb4.17.4&#8243; _module_preset=\u00bbdefault\u00bb global_colors_info=\u00bb{}\u00bb][et_pb_text _builder_version=\u00bb4.22.2&#8243; _module_preset=\u00bbdefault\u00bb hover_enabled=\u00bb0&#8243; global_colors_info=\u00bb{}\u00bb sticky_enabled=\u00bb0&#8243;]<\/p>\n<p>El 19 de octubre se celebra el d\u00eda mundial contra el c\u00e1ncer de mama.<\/p>\n<p>En colaboraci\u00f3n con la Asociaci\u00f3n Contra el C\u00e1ncer, en el Proyecto Comunitario l@s alumn@s de 3\u00ba de la ESO han participado en una campa\u00f1a de prevenci\u00f3n y sensibilizaci\u00f3n.<\/p>\n<p>[\/et_pb_text][\/et_pb_column][et_pb_column type=\u00bb1_2&#8243; _builder_version=\u00bb4.17.4&#8243; _module_preset=\u00bbdefault\u00bb global_colors_info=\u00bb{}\u00bb][et_pb_image src=\u00bbhttps:\/\/tokialai.eus\/wp-content\/uploads\/2023\/10\/Toki-Alai-Arroxa.png\u00bb title_text=\u00bbToki Alai Arroxa\u00bb _builder_version=\u00bb4.22.2&#8243; _module_preset=\u00bbdefault\u00bb global_colors_info=\u00bb{}\u00bb][\/et_pb_image][\/et_pb_column][\/et_pb_row][\/et_pb_section]<\/p>\n","protected":false},"excerpt":{"rendered":"<p>El 19 de octubre se celebra el d\u00eda mundial contra el c\u00e1ncer de mama. En colaboraci\u00f3n con la Asociaci\u00f3n Contra el C\u00e1ncer, en el Proyecto Comunitario l@s alumn@s de 3\u00ba de la ESO han participado en una campa\u00f1a de prevenci\u00f3n y sensibilizaci\u00f3n.<\/p>\n","protected":false},"author":2,"featured_media":6173,"comment_status":"closed","ping_status":"closed","sticky":false,"template":"","format":"standard","meta":{"_et_pb_use_builder":"on","_et_pb_old_content":"","_et_gb_content_width":"","footnotes":""},"categories":[40],"tags":[],"wf_post_folders":[25],"class_list":["post-6177","post","type-post","status-publish","format-standard","has-post-thumbnail","hentry","category-eso-noticias","et-has-post-format-content","et_post_format-et-post-format-standard"],"_links":{"self":[{"href":"https:\/\/tokialai.eus\/es\/wp-json\/wp\/v2\/posts\/6177","targetHints":{"allow":["GET"]}}],"collection":[{"href":"https:\/\/tokialai.eus\/es\/wp-json\/wp\/v2\/posts"}],"about":[{"href":"https:\/\/tokialai.eus\/es\/wp-json\/wp\/v2\/types\/post"}],"author":[{"embeddable":true,"href":"https:\/\/tokialai.eus\/es\/wp-json\/wp\/v2\/users\/2"}],"replies":[{"embeddable":true,"href":"https:\/\/tokialai.eus\/es\/wp-json\/wp\/v2\/comments?post=6177"}],"version-history":[{"count":5,"href":"https:\/\/tokialai.eus\/es\/wp-json\/wp\/v2\/posts\/6177\/revisions"}],"predecessor-version":[{"id":6186,"href":"https:\/\/tokialai.eus\/es\/wp-json\/wp\/v2\/posts\/6177\/revisions\/6186"}],"wp:featuredmedia":[{"embeddable":true,"href":"https:\/\/tokialai.eus\/es\/wp-json\/wp\/v2\/media\/6173"}],"wp:attachment":[{"href":"https:\/\/tokialai.eus\/es\/wp-json\/wp\/v2\/media?parent=6177"}],"wp:term":[{"taxonomy":"category","embeddable":true,"href":"https:\/\/tokialai.eus\/es\/wp-json\/wp\/v2\/categories?post=6177"},{"taxonomy":"post_tag","embeddable":true,"href":"https:\/\/tokialai.eus\/es\/wp-json\/wp\/v2\/tags?post=6177"},{"taxonomy":"wf_post_folders","embeddable":true,"href":"https:\/\/tokialai.eus\/es\/wp-json\/wp\/v2\/wf_post_folders?post=6177"}],"curies":[{"name":"wp","href":"https:\/\/api.w.org\/{rel}","templated":true}]}}