{"id":6081,"date":"2023-10-06T10:30:02","date_gmt":"2023-10-06T08:30:02","guid":{"rendered":"https:\/\/tokialai.eus\/?p=6081"},"modified":"2023-10-06T10:30:10","modified_gmt":"2023-10-06T08:30:10","slug":"proyecto-comunitario-en-el-foro-de-la-infancia-y-la-adolescencia-del-ayuntamiento-de-irun","status":"publish","type":"post","link":"https:\/\/tokialai.eus\/es\/proyecto-comunitario-en-el-foro-de-la-infancia-y-la-adolescencia-del-ayuntamiento-de-irun\/","title":{"rendered":"PROYECTO COMUNITARIO EN EL FORO DE LA INFANCIA Y LA ADOLESCENCIA DEL AYUNTAMIENTO DE IRUN"},"content":{"rendered":"<p>[et_pb_section fb_built=\u00bb1&#8243; _builder_version=\u00bb4.17.4&#8243; _module_preset=\u00bbdefault\u00bb global_colors_info=\u00bb{}\u00bb][et_pb_row column_structure=\u00bb1_3,2_3&#8243; _builder_version=\u00bb4.17.4&#8243; _module_preset=\u00bbdefault\u00bb global_colors_info=\u00bb{}\u00bb][et_pb_column type=\u00bb1_3&#8243; _builder_version=\u00bb4.17.4&#8243; _module_preset=\u00bbdefault\u00bb global_colors_info=\u00bb{}\u00bb][et_pb_text _builder_version=\u00bb4.22.2&#8243; _module_preset=\u00bbdefault\u00bb background_color=\u00bbRGBA(255,255,255,0)\u00bb hover_enabled=\u00bb0&#8243; global_colors_info=\u00bb{}\u00bb sticky_enabled=\u00bb0&#8243;]<\/p>\n<p>En la asignatura <em>Proyecto Comunitario<\/em> los alumnos han participado en el Foro de la Infancia y la Adolescencia de Irun.<\/p>\n<p>Para ello, han realizado diversas actividades y din\u00e1micas en el nuevo aula IkasLab .<\/p>\n<p>A final de curso se celebrar\u00e1 una reuni\u00f3n de representantes de los centros escolares de la localidad con los representantes municipales. En dicha reuni\u00f3n se comunicar\u00e1n y se debatir\u00e1n las propuestas surgidas en estas sesiones.<\/p>\n<p>[\/et_pb_text][\/et_pb_column][et_pb_column type=\u00bb2_3&#8243; _builder_version=\u00bb4.17.4&#8243; _module_preset=\u00bbdefault\u00bb global_colors_info=\u00bb{}\u00bb][et_pb_gallery gallery_ids=\u00bb6070,6072,6074,6076,6078&#8243; fullwidth=\u00bbon\u00bb admin_label=\u00bbGallery\u00bb _builder_version=\u00bb4.22.2&#8243; _module_preset=\u00bbdefault\u00bb auto=\u00bbon\u00bb auto_speed=\u00bb3000&#8243; link_option_url=\u00bbhttps:\/\/youtu.be\/v6P0ZeW82Cs\u00bb border_width_all=\u00bb1px\u00bb border_color_all=\u00bb#252850&#8243; global_colors_info=\u00bb{}\u00bb][\/et_pb_gallery][\/et_pb_column][\/et_pb_row][\/et_pb_section]<\/p>\n","protected":false},"excerpt":{"rendered":"<p>En la asignatura Proyecto Comunitario los alumnos han participado en el Foro de la Infancia y la Adolescencia de Irun. Para ello, han realizado diversas actividades y din\u00e1micas en el nuevo aula IkasLab . A final de curso se celebrar\u00e1 una reuni\u00f3n de representantes de los centros escolares de la localidad con los representantes municipales.<a class=\"moretag\" href=\"https:\/\/tokialai.eus\/es\/proyecto-comunitario-en-el-foro-de-la-infancia-y-la-adolescencia-del-ayuntamiento-de-irun\/\">Irakurri gehiago<\/a><\/p>\n","protected":false},"author":2,"featured_media":6069,"comment_status":"closed","ping_status":"closed","sticky":false,"template":"","format":"standard","meta":{"_et_pb_use_builder":"on","_et_pb_old_content":"","_et_gb_content_width":"","footnotes":""},"categories":[40],"tags":[],"wf_post_folders":[25],"class_list":["post-6081","post","type-post","status-publish","format-standard","has-post-thumbnail","hentry","category-eso-noticias","et-has-post-format-content","et_post_format-et-post-format-standard"],"_links":{"self":[{"href":"https:\/\/tokialai.eus\/es\/wp-json\/wp\/v2\/posts\/6081","targetHints":{"allow":["GET"]}}],"collection":[{"href":"https:\/\/tokialai.eus\/es\/wp-json\/wp\/v2\/posts"}],"about":[{"href":"https:\/\/tokialai.eus\/es\/wp-json\/wp\/v2\/types\/post"}],"author":[{"embeddable":true,"href":"https:\/\/tokialai.eus\/es\/wp-json\/wp\/v2\/users\/2"}],"replies":[{"embeddable":true,"href":"https:\/\/tokialai.eus\/es\/wp-json\/wp\/v2\/comments?post=6081"}],"version-history":[{"count":8,"href":"https:\/\/tokialai.eus\/es\/wp-json\/wp\/v2\/posts\/6081\/revisions"}],"predecessor-version":[{"id":6094,"href":"https:\/\/tokialai.eus\/es\/wp-json\/wp\/v2\/posts\/6081\/revisions\/6094"}],"wp:featuredmedia":[{"embeddable":true,"href":"https:\/\/tokialai.eus\/es\/wp-json\/wp\/v2\/media\/6069"}],"wp:attachment":[{"href":"https:\/\/tokialai.eus\/es\/wp-json\/wp\/v2\/media?parent=6081"}],"wp:term":[{"taxonomy":"category","embeddable":true,"href":"https:\/\/tokialai.eus\/es\/wp-json\/wp\/v2\/categories?post=6081"},{"taxonomy":"post_tag","embeddable":true,"href":"https:\/\/tokialai.eus\/es\/wp-json\/wp\/v2\/tags?post=6081"},{"taxonomy":"wf_post_folders","embeddable":true,"href":"https:\/\/tokialai.eus\/es\/wp-json\/wp\/v2\/wf_post_folders?post=6081"}],"curies":[{"name":"wp","href":"https:\/\/api.w.org\/{rel}","templated":true}]}}