{"id":2254,"date":"2022-06-24T18:11:01","date_gmt":"2022-06-24T16:11:01","guid":{"rendered":"https:\/\/tokialai.eus\/lgtbiq-fobiaren-aurkako-nazioarteko-eguna\/"},"modified":"2022-06-24T18:11:01","modified_gmt":"2022-06-24T16:11:01","slug":"lgtbiq-fobiaren-aurkako-nazioarteko-eguna","status":"publish","type":"post","link":"https:\/\/tokialai.eus\/es\/lgtbiq-fobiaren-aurkako-nazioarteko-eguna\/","title":{"rendered":"LGTBIQ + FOBIAREN AURKAKO NAZIOARTEKO EGUNA"},"content":{"rendered":"<p>[et_pb_section fb_built=\u00bb1&#8243; _builder_version=\u00bb4.17.4&#8243; _module_preset=\u00bbdefault\u00bb global_colors_info=\u00bb{}\u00bb][et_pb_row column_structure=\u00bb1_3,2_3&#8243; _builder_version=\u00bb4.17.4&#8243; _module_preset=\u00bbdefault\u00bb global_colors_info=\u00bb{}\u00bb][et_pb_column type=\u00bb1_3&#8243; _builder_version=\u00bb4.17.4&#8243; _module_preset=\u00bbdefault\u00bb global_colors_info=\u00bb{}\u00bb][et_pb_text _builder_version=\u00bb4.17.4&#8243; _module_preset=\u00bbdefault\u00bb global_colors_info=\u00bb{}\u00bb]<\/p>\n<p>El pasado 17 de mayo celebramos el<strong>D\u00cdA INTERNACIONAL CONTRA LA FOBIA LGTBIQ+. <\/strong> Preparamos diferentes acciones, como las de los miembros de la Comisi\u00f3n de Coeducaci\u00f3n que decoraron el centro. En la primera sesi\u00f3n vieron un v\u00eddeo en todas las aulas y se repartieron pulseras de color arco iris.<\/p>\n<div> <\/div>\n<div><strong>\u00a1AMA LIBRE, VIVE LIBRE!<\/strong><\/div>\n<p>[\/et_pb_text][\/et_pb_column][et_pb_column type=\u00bb2_3&#8243; _builder_version=\u00bb4.17.4&#8243; _module_preset=\u00bbdefault\u00bb global_colors_info=\u00bb{}\u00bb][et_pb_gallery gallery_ids=\u00bb756,755,754,757&#8243; fullwidth=\u00bbon\u00bb _builder_version=\u00bb4.17.4&#8243; _module_preset=\u00bbdefault\u00bb auto=\u00bbon\u00bb auto_speed=\u00bb3000&#8243; border_width_all=\u00bb1px\u00bb border_color_all=\u00bb#252850&#8243; global_colors_info=\u00bb{}\u00bb][\/et_pb_gallery][\/et_pb_column][\/et_pb_row][\/et_pb_section]<\/p>\n","protected":false},"excerpt":{"rendered":"<p>El pasado 17 de mayo celebramos elD\u00cdA INTERNACIONAL CONTRA LA FOBIA LGTBIQ+. Preparamos diferentes acciones, como las de los miembros de la Comisi\u00f3n de Coeducaci\u00f3n que decoraron el centro. En la primera sesi\u00f3n vieron un v\u00eddeo en todas las aulas y se repartieron pulseras de color arco iris. \u00a1AMA LIBRE, VIVE LIBRE!<\/p>\n","protected":false},"author":3,"featured_media":2152,"comment_status":"closed","ping_status":"closed","sticky":false,"template":"","format":"standard","meta":{"_et_pb_use_builder":"on","_et_pb_old_content":"","_et_gb_content_width":"","footnotes":""},"categories":[40],"tags":[],"wf_post_folders":[25],"class_list":["post-2254","post","type-post","status-publish","format-standard","has-post-thumbnail","hentry","category-eso-noticias","et-has-post-format-content","et_post_format-et-post-format-standard"],"_links":{"self":[{"href":"https:\/\/tokialai.eus\/es\/wp-json\/wp\/v2\/posts\/2254","targetHints":{"allow":["GET"]}}],"collection":[{"href":"https:\/\/tokialai.eus\/es\/wp-json\/wp\/v2\/posts"}],"about":[{"href":"https:\/\/tokialai.eus\/es\/wp-json\/wp\/v2\/types\/post"}],"author":[{"embeddable":true,"href":"https:\/\/tokialai.eus\/es\/wp-json\/wp\/v2\/users\/3"}],"replies":[{"embeddable":true,"href":"https:\/\/tokialai.eus\/es\/wp-json\/wp\/v2\/comments?post=2254"}],"version-history":[{"count":2,"href":"https:\/\/tokialai.eus\/es\/wp-json\/wp\/v2\/posts\/2254\/revisions"}],"predecessor-version":[{"id":2256,"href":"https:\/\/tokialai.eus\/es\/wp-json\/wp\/v2\/posts\/2254\/revisions\/2256"}],"wp:featuredmedia":[{"embeddable":true,"href":"https:\/\/tokialai.eus\/es\/wp-json\/wp\/v2\/media\/2152"}],"wp:attachment":[{"href":"https:\/\/tokialai.eus\/es\/wp-json\/wp\/v2\/media?parent=2254"}],"wp:term":[{"taxonomy":"category","embeddable":true,"href":"https:\/\/tokialai.eus\/es\/wp-json\/wp\/v2\/categories?post=2254"},{"taxonomy":"post_tag","embeddable":true,"href":"https:\/\/tokialai.eus\/es\/wp-json\/wp\/v2\/tags?post=2254"},{"taxonomy":"wf_post_folders","embeddable":true,"href":"https:\/\/tokialai.eus\/es\/wp-json\/wp\/v2\/wf_post_folders?post=2254"}],"curies":[{"name":"wp","href":"https:\/\/api.w.org\/{rel}","templated":true}]}}